{"id":1883,"date":"2018-10-11T14:15:43","date_gmt":"2018-10-11T12:15:43","guid":{"rendered":"https:\/\/www.sereme.com\/?p=1883"},"modified":"2019-08-25T21:39:52","modified_gmt":"2019-08-25T19:39:52","slug":"japan-international-aerospace-exhibition-2018","status":"publish","type":"post","link":"https:\/\/www.sereme.com\/ru\/japan-international-aerospace-exhibition-2018\/","title":{"rendered":"JAPAN INTERNATIONAL AEROSPACE EXHIBITION 2018"},"content":{"rendered":"<div class=\"wpb-content-wrapper\"><p>[vc_row][vc_column width=&#187;1\/2&#8243;][vc_column_text]SEREME \u0443\u0447\u0430\u0441\u0442\u0432\u0443\u0435\u0442 \u043d\u0430 \u043c\u0435\u0436\u0434\u0443\u043d\u0430\u0440\u043e\u0434\u043d\u043e\u0439 \u0432\u044b\u0441\u0442\u0430\u0432\u043a\u0435 <strong>JAPAN INTERNATIONAL<\/strong> <strong>AEROSPACE EXHIBITION<\/strong><\/p>\n<p><em><strong>28\u201330 \u041d\u043e\u044f\u0431\u0440\u044f 2018<\/strong><\/em><\/p>\n<p>\u0432 <strong>\u0422\u043e\u043a\u0438\u043e Bigh Sight<\/strong>, \u042f\u043f\u043e\u043d\u0438\u044f.<\/p>\n<p>\u041c\u044b \u0431\u0443\u0434\u0435\u043c \u0440\u0430\u0434\u044b \u0432\u0441\u0442\u0440\u0435\u0442\u0438\u0442\u044c \u0412\u0430\u0441 \u043d\u0430 \u043d\u0430\u0448\u0435\u043c \u0441\u0442\u0435\u043d\u0434\u0435 GIFAS <strong>7223 <\/strong>\u0425\u043e\u043b\u043b 7.<\/p>\n<p>\u0411\u043e\u043b\u0435\u0435 \u043f\u043e\u0434\u0440\u043e\u0431\u043d\u0443\u044e \u0438\u043d\u0444\u043e\u0440\u043c\u0430\u0446\u0438\u044e \u0432\u044b \u043c\u043e\u0436\u0435\u0442\u0435 \u0443\u0437\u043d\u0430\u0442\u044c \u043d\u0430 \u0441\u0430\u0439\u0442\u0435 Japan International Aerospace Exhibition 2018 : <a href=\"http:\/\/www.japanaerospace.jp\/en\/index.html\" target=\"_blank\" rel=\"noopener noreferrer\">Japan Aerospace<\/a>[\/vc_column_text][\/vc_column][vc_column width=&#187;1\/2&#8243;][vc_single_image image=&#187;1875&#8243; img_size=&#187;medium&#187;][\/vc_column][\/vc_row]<\/p>\n<\/div>","protected":false},"excerpt":{"rendered":"<p>[vc_row][vc_column width=&#187;1\/2&#8243;][vc_column_text]SEREME \u0443\u0447\u0430\u0441\u0442\u0432\u0443\u0435\u0442 \u043d\u0430 \u043c\u0435\u0436\u0434\u0443\u043d\u0430\u0440\u043e\u0434\u043d\u043e\u0439 \u0432\u044b\u0441\u0442\u0430\u0432\u043a\u0435 JAPAN INTERNATIONAL AEROSPACE EXHIBITION 28\u201330 \u041d\u043e\u044f\u0431\u0440\u044f 2018 \u0432 \u0422\u043e\u043a\u0438\u043e Bigh Sight, \u042f\u043f\u043e\u043d\u0438\u044f. \u041c\u044b \u0431\u0443\u0434\u0435\u043c \u0440\u0430\u0434\u044b \u0432\u0441\u0442\u0440\u0435\u0442\u0438\u0442\u044c \u0412\u0430\u0441 \u043d\u0430 \u043d\u0430\u0448\u0435\u043c \u0441\u0442\u0435\u043d\u0434\u0435 GIFAS 7223 \u0425\u043e\u043b\u043b 7. \u0411\u043e\u043b\u0435\u0435 \u043f\u043e\u0434\u0440\u043e\u0431\u043d\u0443\u044e \u0438\u043d\u0444\u043e\u0440\u043c\u0430\u0446\u0438\u044e \u0432\u044b \u043c\u043e\u0436\u0435\u0442\u0435 \u0443\u0437\u043d\u0430\u0442\u044c \u043d\u0430 \u0441\u0430\u0439\u0442\u0435 Japan International Aerospace Exhibition 2018 : Japan Aerospace[\/vc_column_text][\/vc_column][vc_column width=&#187;1\/2&#8243;][vc_single_image image=&#187;1875&#8243; img_size=&#187;medium&#187;][\/vc_column][\/vc_row]<\/p>\n","protected":false},"author":2,"featured_media":0,"comment_status":"closed","ping_status":"closed","sticky":false,"template":"","format":"standard","meta":{"footnotes":""},"class_list":["post-1883","post","type-post","status-publish","format-standard","hentry"],"yoast_head":"<!-- This site is optimized with the Yoast SEO plugin v24.3 - https:\/\/yoast.com\/wordpress\/plugins\/seo\/ -->\n<title>JAPAN INTERNATIONAL AEROSPACE EXHIBITION 2018 - SEREME<\/title>\n<meta name=\"robots\" content=\"index, follow, max-snippet:-1, max-image-preview:large, max-video-preview:-1\" \/>\n<link rel=\"canonical\" href=\"https:\/\/www.sereme.com\/ru\/japan-international-aerospace-exhibition-2018\/\" \/>\n<meta property=\"og:locale\" content=\"ru_RU\" \/>\n<meta property=\"og:type\" content=\"article\" \/>\n<meta property=\"og:title\" content=\"JAPAN INTERNATIONAL AEROSPACE EXHIBITION 2018 - SEREME\" \/>\n<meta property=\"og:description\" content=\"[vc_row][vc_column width=&#187;1\/2&#8243;][vc_column_text]SEREME \u0443\u0447\u0430\u0441\u0442\u0432\u0443\u0435\u0442 \u043d\u0430 \u043c\u0435\u0436\u0434\u0443\u043d\u0430\u0440\u043e\u0434\u043d\u043e\u0439 \u0432\u044b\u0441\u0442\u0430\u0432\u043a\u0435 JAPAN INTERNATIONAL AEROSPACE EXHIBITION 28\u201330 \u041d\u043e\u044f\u0431\u0440\u044f 2018 \u0432 \u0422\u043e\u043a\u0438\u043e Bigh Sight, \u042f\u043f\u043e\u043d\u0438\u044f. \u041c\u044b \u0431\u0443\u0434\u0435\u043c \u0440\u0430\u0434\u044b \u0432\u0441\u0442\u0440\u0435\u0442\u0438\u0442\u044c \u0412\u0430\u0441 \u043d\u0430 \u043d\u0430\u0448\u0435\u043c \u0441\u0442\u0435\u043d\u0434\u0435 GIFAS 7223 \u0425\u043e\u043b\u043b 7. \u0411\u043e\u043b\u0435\u0435 \u043f\u043e\u0434\u0440\u043e\u0431\u043d\u0443\u044e \u0438\u043d\u0444\u043e\u0440\u043c\u0430\u0446\u0438\u044e \u0432\u044b \u043c\u043e\u0436\u0435\u0442\u0435 \u0443\u0437\u043d\u0430\u0442\u044c \u043d\u0430 \u0441\u0430\u0439\u0442\u0435 Japan International Aerospace Exhibition 2018 : Japan Aerospace[\/vc_column_text][\/vc_column][vc_column width=&#187;1\/2&#8243;][vc_single_image image=&#187;1875&#8243; img_size=&#187;medium&#187;][\/vc_column][\/vc_row]\" \/>\n<meta property=\"og:url\" content=\"https:\/\/www.sereme.com\/ru\/japan-international-aerospace-exhibition-2018\/\" \/>\n<meta property=\"og:site_name\" content=\"SEREME\" \/>\n<meta property=\"article:published_time\" content=\"2018-10-11T12:15:43+00:00\" \/>\n<meta property=\"article:modified_time\" content=\"2019-08-25T19:39:52+00:00\" \/>\n<meta name=\"author\" content=\"Daniel Vilmus\" \/>\n<meta name=\"twitter:card\" content=\"summary_large_image\" \/>\n<meta name=\"twitter:label1\" content=\"\u041d\u0430\u043f\u0438\u0441\u0430\u043d\u043e \u0430\u0432\u0442\u043e\u0440\u043e\u043c\" \/>\n\t<meta name=\"twitter:data1\" content=\"Daniel Vilmus\" \/>\n<script type=\"application\/ld+json\" class=\"yoast-schema-graph\">{\"@context\":\"https:\/\/schema.org\",\"@graph\":[{\"@type\":\"Article\",\"@id\":\"https:\/\/www.sereme.com\/ru\/japan-international-aerospace-exhibition-2018\/#article\",\"isPartOf\":{\"@id\":\"https:\/\/www.sereme.com\/ru\/japan-international-aerospace-exhibition-2018\/\"},\"author\":{\"name\":\"Daniel Vilmus\",\"@id\":\"https:\/\/www.sereme.com\/#\/schema\/person\/c2258d5a079bf591cbb5bac7f3349fc2\"},\"headline\":\"JAPAN INTERNATIONAL AEROSPACE EXHIBITION 2018\",\"datePublished\":\"2018-10-11T12:15:43+00:00\",\"dateModified\":\"2019-08-25T19:39:52+00:00\",\"mainEntityOfPage\":{\"@id\":\"https:\/\/www.sereme.com\/ru\/japan-international-aerospace-exhibition-2018\/\"},\"wordCount\":70,\"publisher\":{\"@id\":\"https:\/\/www.sereme.com\/#organization\"},\"inLanguage\":\"ru-RU\"},{\"@type\":\"WebPage\",\"@id\":\"https:\/\/www.sereme.com\/ru\/japan-international-aerospace-exhibition-2018\/\",\"url\":\"https:\/\/www.sereme.com\/ru\/japan-international-aerospace-exhibition-2018\/\",\"name\":\"JAPAN INTERNATIONAL AEROSPACE EXHIBITION 2018 - SEREME\",\"isPartOf\":{\"@id\":\"https:\/\/www.sereme.com\/#website\"},\"datePublished\":\"2018-10-11T12:15:43+00:00\",\"dateModified\":\"2019-08-25T19:39:52+00:00\",\"breadcrumb\":{\"@id\":\"https:\/\/www.sereme.com\/ru\/japan-international-aerospace-exhibition-2018\/#breadcrumb\"},\"inLanguage\":\"ru-RU\",\"potentialAction\":[{\"@type\":\"ReadAction\",\"target\":[\"https:\/\/www.sereme.com\/ru\/japan-international-aerospace-exhibition-2018\/\"]}]},{\"@type\":\"BreadcrumbList\",\"@id\":\"https:\/\/www.sereme.com\/ru\/japan-international-aerospace-exhibition-2018\/#breadcrumb\",\"itemListElement\":[{\"@type\":\"ListItem\",\"position\":1,\"name\":\"Accueil\",\"item\":\"https:\/\/www.sereme.com\/ru\/\"},{\"@type\":\"ListItem\",\"position\":2,\"name\":\"JAPAN INTERNATIONAL AEROSPACE EXHIBITION 2018\"}]},{\"@type\":\"WebSite\",\"@id\":\"https:\/\/www.sereme.com\/#website\",\"url\":\"https:\/\/www.sereme.com\/\",\"name\":\"SEREME\",\"description\":\"Soci\u00e9t\u00e9 d&#039;\u00c9tudes et de R\u00e9alisations de Moyens d&#039;Essais\",\"publisher\":{\"@id\":\"https:\/\/www.sereme.com\/#organization\"},\"potentialAction\":[{\"@type\":\"SearchAction\",\"target\":{\"@type\":\"EntryPoint\",\"urlTemplate\":\"https:\/\/www.sereme.com\/?s={search_term_string}\"},\"query-input\":{\"@type\":\"PropertyValueSpecification\",\"valueRequired\":true,\"valueName\":\"search_term_string\"}}],\"inLanguage\":\"ru-RU\"},{\"@type\":\"Organization\",\"@id\":\"https:\/\/www.sereme.com\/#organization\",\"name\":\"Sereme\",\"url\":\"https:\/\/www.sereme.com\/\",\"logo\":{\"@type\":\"ImageObject\",\"inLanguage\":\"ru-RU\",\"@id\":\"https:\/\/www.sereme.com\/#\/schema\/logo\/image\/\",\"url\":\"https:\/\/www.sereme.com\/wp-content\/uploads\/2018\/01\/logo-sereme-hd.gif\",\"contentUrl\":\"https:\/\/www.sereme.com\/wp-content\/uploads\/2018\/01\/logo-sereme-hd.gif\",\"width\":1200,\"height\":300,\"caption\":\"Sereme\"},\"image\":{\"@id\":\"https:\/\/www.sereme.com\/#\/schema\/logo\/image\/\"}},{\"@type\":\"Person\",\"@id\":\"https:\/\/www.sereme.com\/#\/schema\/person\/c2258d5a079bf591cbb5bac7f3349fc2\",\"name\":\"Daniel Vilmus\",\"image\":{\"@type\":\"ImageObject\",\"inLanguage\":\"ru-RU\",\"@id\":\"https:\/\/www.sereme.com\/#\/schema\/person\/image\/\",\"url\":\"https:\/\/secure.gravatar.com\/avatar\/8daffe2eec24752ace682239dbc6d1ea?s=96&d=mm&r=g\",\"contentUrl\":\"https:\/\/secure.gravatar.com\/avatar\/8daffe2eec24752ace682239dbc6d1ea?s=96&d=mm&r=g\",\"caption\":\"Daniel Vilmus\"}}]}<\/script>\n<!-- \/ Yoast SEO plugin. -->","yoast_head_json":{"title":"JAPAN INTERNATIONAL AEROSPACE EXHIBITION 2018 - SEREME","robots":{"index":"index","follow":"follow","max-snippet":"max-snippet:-1","max-image-preview":"max-image-preview:large","max-video-preview":"max-video-preview:-1"},"canonical":"https:\/\/www.sereme.com\/ru\/japan-international-aerospace-exhibition-2018\/","og_locale":"ru_RU","og_type":"article","og_title":"JAPAN INTERNATIONAL AEROSPACE EXHIBITION 2018 - SEREME","og_description":"[vc_row][vc_column width=&#187;1\/2&#8243;][vc_column_text]SEREME \u0443\u0447\u0430\u0441\u0442\u0432\u0443\u0435\u0442 \u043d\u0430 \u043c\u0435\u0436\u0434\u0443\u043d\u0430\u0440\u043e\u0434\u043d\u043e\u0439 \u0432\u044b\u0441\u0442\u0430\u0432\u043a\u0435 JAPAN INTERNATIONAL AEROSPACE EXHIBITION 28\u201330 \u041d\u043e\u044f\u0431\u0440\u044f 2018 \u0432 \u0422\u043e\u043a\u0438\u043e Bigh Sight, \u042f\u043f\u043e\u043d\u0438\u044f. \u041c\u044b \u0431\u0443\u0434\u0435\u043c \u0440\u0430\u0434\u044b \u0432\u0441\u0442\u0440\u0435\u0442\u0438\u0442\u044c \u0412\u0430\u0441 \u043d\u0430 \u043d\u0430\u0448\u0435\u043c \u0441\u0442\u0435\u043d\u0434\u0435 GIFAS 7223 \u0425\u043e\u043b\u043b 7. \u0411\u043e\u043b\u0435\u0435 \u043f\u043e\u0434\u0440\u043e\u0431\u043d\u0443\u044e \u0438\u043d\u0444\u043e\u0440\u043c\u0430\u0446\u0438\u044e \u0432\u044b \u043c\u043e\u0436\u0435\u0442\u0435 \u0443\u0437\u043d\u0430\u0442\u044c \u043d\u0430 \u0441\u0430\u0439\u0442\u0435 Japan International Aerospace Exhibition 2018 : Japan Aerospace[\/vc_column_text][\/vc_column][vc_column width=&#187;1\/2&#8243;][vc_single_image image=&#187;1875&#8243; img_size=&#187;medium&#187;][\/vc_column][\/vc_row]","og_url":"https:\/\/www.sereme.com\/ru\/japan-international-aerospace-exhibition-2018\/","og_site_name":"SEREME","article_published_time":"2018-10-11T12:15:43+00:00","article_modified_time":"2019-08-25T19:39:52+00:00","author":"Daniel Vilmus","twitter_card":"summary_large_image","twitter_misc":{"\u041d\u0430\u043f\u0438\u0441\u0430\u043d\u043e \u0430\u0432\u0442\u043e\u0440\u043e\u043c":"Daniel Vilmus"},"schema":{"@context":"https:\/\/schema.org","@graph":[{"@type":"Article","@id":"https:\/\/www.sereme.com\/ru\/japan-international-aerospace-exhibition-2018\/#article","isPartOf":{"@id":"https:\/\/www.sereme.com\/ru\/japan-international-aerospace-exhibition-2018\/"},"author":{"name":"Daniel Vilmus","@id":"https:\/\/www.sereme.com\/#\/schema\/person\/c2258d5a079bf591cbb5bac7f3349fc2"},"headline":"JAPAN INTERNATIONAL AEROSPACE EXHIBITION 2018","datePublished":"2018-10-11T12:15:43+00:00","dateModified":"2019-08-25T19:39:52+00:00","mainEntityOfPage":{"@id":"https:\/\/www.sereme.com\/ru\/japan-international-aerospace-exhibition-2018\/"},"wordCount":70,"publisher":{"@id":"https:\/\/www.sereme.com\/#organization"},"inLanguage":"ru-RU"},{"@type":"WebPage","@id":"https:\/\/www.sereme.com\/ru\/japan-international-aerospace-exhibition-2018\/","url":"https:\/\/www.sereme.com\/ru\/japan-international-aerospace-exhibition-2018\/","name":"JAPAN INTERNATIONAL AEROSPACE EXHIBITION 2018 - SEREME","isPartOf":{"@id":"https:\/\/www.sereme.com\/#website"},"datePublished":"2018-10-11T12:15:43+00:00","dateModified":"2019-08-25T19:39:52+00:00","breadcrumb":{"@id":"https:\/\/www.sereme.com\/ru\/japan-international-aerospace-exhibition-2018\/#breadcrumb"},"inLanguage":"ru-RU","potentialAction":[{"@type":"ReadAction","target":["https:\/\/www.sereme.com\/ru\/japan-international-aerospace-exhibition-2018\/"]}]},{"@type":"BreadcrumbList","@id":"https:\/\/www.sereme.com\/ru\/japan-international-aerospace-exhibition-2018\/#breadcrumb","itemListElement":[{"@type":"ListItem","position":1,"name":"Accueil","item":"https:\/\/www.sereme.com\/ru\/"},{"@type":"ListItem","position":2,"name":"JAPAN INTERNATIONAL AEROSPACE EXHIBITION 2018"}]},{"@type":"WebSite","@id":"https:\/\/www.sereme.com\/#website","url":"https:\/\/www.sereme.com\/","name":"SEREME","description":"Soci\u00e9t\u00e9 d&#039;\u00c9tudes et de R\u00e9alisations de Moyens d&#039;Essais","publisher":{"@id":"https:\/\/www.sereme.com\/#organization"},"potentialAction":[{"@type":"SearchAction","target":{"@type":"EntryPoint","urlTemplate":"https:\/\/www.sereme.com\/?s={search_term_string}"},"query-input":{"@type":"PropertyValueSpecification","valueRequired":true,"valueName":"search_term_string"}}],"inLanguage":"ru-RU"},{"@type":"Organization","@id":"https:\/\/www.sereme.com\/#organization","name":"Sereme","url":"https:\/\/www.sereme.com\/","logo":{"@type":"ImageObject","inLanguage":"ru-RU","@id":"https:\/\/www.sereme.com\/#\/schema\/logo\/image\/","url":"https:\/\/www.sereme.com\/wp-content\/uploads\/2018\/01\/logo-sereme-hd.gif","contentUrl":"https:\/\/www.sereme.com\/wp-content\/uploads\/2018\/01\/logo-sereme-hd.gif","width":1200,"height":300,"caption":"Sereme"},"image":{"@id":"https:\/\/www.sereme.com\/#\/schema\/logo\/image\/"}},{"@type":"Person","@id":"https:\/\/www.sereme.com\/#\/schema\/person\/c2258d5a079bf591cbb5bac7f3349fc2","name":"Daniel Vilmus","image":{"@type":"ImageObject","inLanguage":"ru-RU","@id":"https:\/\/www.sereme.com\/#\/schema\/person\/image\/","url":"https:\/\/secure.gravatar.com\/avatar\/8daffe2eec24752ace682239dbc6d1ea?s=96&d=mm&r=g","contentUrl":"https:\/\/secure.gravatar.com\/avatar\/8daffe2eec24752ace682239dbc6d1ea?s=96&d=mm&r=g","caption":"Daniel Vilmus"}}]}},"_links":{"self":[{"href":"https:\/\/www.sereme.com\/ru\/wp-json\/wp\/v2\/posts\/1883","targetHints":{"allow":["GET"]}}],"collection":[{"href":"https:\/\/www.sereme.com\/ru\/wp-json\/wp\/v2\/posts"}],"about":[{"href":"https:\/\/www.sereme.com\/ru\/wp-json\/wp\/v2\/types\/post"}],"author":[{"embeddable":true,"href":"https:\/\/www.sereme.com\/ru\/wp-json\/wp\/v2\/users\/2"}],"replies":[{"embeddable":true,"href":"https:\/\/www.sereme.com\/ru\/wp-json\/wp\/v2\/comments?post=1883"}],"version-history":[{"count":6,"href":"https:\/\/www.sereme.com\/ru\/wp-json\/wp\/v2\/posts\/1883\/revisions"}],"predecessor-version":[{"id":1989,"href":"https:\/\/www.sereme.com\/ru\/wp-json\/wp\/v2\/posts\/1883\/revisions\/1989"}],"wp:attachment":[{"href":"https:\/\/www.sereme.com\/ru\/wp-json\/wp\/v2\/media?parent=1883"}],"curies":[{"name":"wp","href":"https:\/\/api.w.org\/{rel}","templated":true}]}}